{"id":13271,"date":"2019-03-08T03:30:17","date_gmt":"2019-03-08T08:30:17","guid":{"rendered":"https:\/\/www.alpharamirez.com\/pintemela-que-yo-se-la-coloreo-a-4\/"},"modified":"2021-01-21T00:18:02","modified_gmt":"2021-01-21T05:18:02","slug":"colour-me-painted-a-4","status":"publish","type":"post","link":"https:\/\/www.alpharamirez.com\/en\/colour-me-painted-a-4\/","title":{"rendered":"Colour me painted (A-4)"},"content":{"rendered":"<ol class=\"breadcrumb\">\n<i class=\"fa fa-chevron-right\"><\/i><br \/>\n<li><a href=\"https:\/\/www.alpharamirez.com\/en\/\" class=\"\"> Main <\/a><\/li>\n<li><a href=\"https:\/\/www.alpharamirez.com\/en\/the-more-you-know\/\" class=\"\"> The more you know<\/a><\/li><li><a href=\"https:\/\/www.alpharamirez.com\/en\/colour-me-painted-a-4\" class=\"\"> Colour me painted (A-4)<\/a><\/li>\n<\/ol>\n<div class=\"alert alert-warning\" role=\"alert\"><img loading=\"lazy\" decoding=\"async\" class=\"alignleft size-full wp-image-4486\" src=\"https:\/\/www.alpharamirez.com\/wp-content\/uploads\/2017\/07\/warning.png\" alt=\"\" width=\"17\" height=\"15\" \/>Please remember to read the notes on\u00a0<a href=\"https:\/\/www.alpharamirez.com\/en\/contents-copyright\/\"><strong>contents and copyright<\/strong><\/a> if you have not.<\/div>\n<div class=\"alert alert-info\" role=\"alert\"><i class=\"fa fa-calendar-alt\"><\/i> This article was first published on: <strong><strong>March 2019<\/strong><\/strong><br \/>\n<i class=\"fa fa-clock\"><\/i> This article was last updated on: <strong><strong>October 2020<\/strong><\/strong><\/p>\n<hr \/>\n<p>This article about Airplanes with special colours is kind of long and thus is divided into <strong>twelve (12)<\/strong> lists. You&#8217;re about to begin to see list <strong>A-4<\/strong>. Choose here any other list you may want to go to: | <a href=\"https:\/\/www.alpharamirez.com\/en\/colour-me-painted-a-1\/\">A-1<\/a>\u00a0| <a href=\"https:\/\/www.alpharamirez.com\/en\/colour-me-painted-a-2\/\">A-2<\/a> | <a href=\"https:\/\/www.alpharamirez.com\/en\/colour-me-painted-a-3\/\">A-3<\/a>\u00a0| <a href=\"https:\/\/www.alpharamirez.com\/en\/colour-me-painted-b\/\">B<\/a> | <a href=\"https:\/\/www.alpharamirez.com\/en\/colour-me-painted-c\/\">C<\/a> | <a href=\"https:\/\/www.alpharamirez.com\/en\/colour-me-painted-d-g\/\">D-G<\/a> | <a href=\"https:\/\/www.alpharamirez.com\/en\/colour-me-painted-h-j\/\">H-J<\/a> | <a href=\"https:\/\/www.alpharamirez.com\/en\/colour-me-painted-k-p\/\">K-P<\/a> | <a href=\"https:\/\/www.alpharamirez.com\/en\/colour-me-painted-q-r\/\">Q-R<\/a> | <a href=\"https:\/\/www.alpharamirez.com\/en\/colour-me-painted-s\/\">S<\/a> | <a href=\"https:\/\/www.alpharamirez.com\/en\/colour-me-painted-t-x\/\">T-X<\/a>\u00a0|<\/p>\n<\/div>\n<div class=\"alert alert-success\" role=\"alert\"><img loading=\"lazy\" decoding=\"async\" class=\"alignleft wp-image-4556 size-full\" src=\"https:\/\/www.alpharamirez.com\/wp-content\/uploads\/2017\/07\/colombia-flag-small.png\" alt=\"Colombia\" width=\"23\" height=\"15\" \/>Este art\u00edculo tambi\u00e9n est\u00e1 disponible en\u00a0<a href=\"https:\/\/www.alpharamirez.com\/es\/pintemela-que-yo-se-la-coloreo-a-4\/\">Espa\u00f1ol<\/a>.<\/div>\n<hr \/>\n[aesop_chapter  title=&#8221;Why Airplanes with special colours?&#8221; bgtype=&#8221;img&#8221; full=&#8221;on&#8221; img=&#8221;https:\/\/www.alpharamirez.com\/wp-content\/uploads\/2019\/02\/IMG_7154.jpg&#8221; video_autoplay=&#8221;on&#8221; bgcolor=&#8221;#888888&#8243; overlay_content=&#8221;<\/p>\n<p style='font-family:Old Standard TT;font-size:52px;font-weight:300;line-height:57px'><mark>WHY AIRPLANES WITH SPECIAL COLOURS?<\/mark><\/p>\n<p style='font-family:Old Standard TT;font-size:29px;font-weight:normal;line-height:29px'><mark>THERE ARE MANY REASONS<\/mark><br \/>\n&#8221; revealfx=&#8221;inplace&#8221; overlay_revealfx=&#8221;off&#8221;]\n<p>In general, airlines have a very defined corporate image, and colours.<\/p>\n<p>There are some exemptions, for example <strong>Frontier<\/strong> in the United States. They paint a different animal in each tail.<\/p>\n<p>Or <strong>Norwegian<\/strong> in Norway, they paint a different famous character.<\/p>\n<p>But in general, they are very uniform and defined images.<\/p>\n<p>Nonetheless, at times there are Airplanes that are painted with special colours for different reasons.<!--more--><\/p>\n<p>Those Airplanes are usually few. And from those, there isn&#8217;t always an associated campaign through which the public can know why that Airplane is painted in that way.<\/p>\n<p>Many times the campaign isn&#8217;t even justified because it&#8217;s not a commercial matter.<\/p>\n<p>Those of us inside this little world are very aware of their existence, but for the public seeing them may mean surprise, and at times, even confusion.<\/p>\n<p>I remember being in Rionegro&#8217;s Airport once, and listening to the following dialogue:<\/p>\n<p><em><strong>-&#8220;She comes in Avianca&#8221;.<\/strong><\/em><br \/>\n<em><strong>-&#8220;Ah, but that isn&#8217;t Avianca, it&#8217;s some Star Alliance&#8221;.<\/strong><\/em><br \/>\n<em><strong>-&#8220;Yeah right? S-TAR-A-LLI-AN-CE. That&#8217;s so weird, she&#8217;s not coming there&#8221;.<\/strong><\/em><\/p>\n<p>Of course, it was <strong>Avianca<\/strong>, and the person was coming there. It&#8217;s just that it was one of the Airplanes painted with <strong>Star Alliance <\/strong>colours, the alliance Avianca belongs to.<\/p>\n<p>Making of the archive of photos I&#8217;ve taken, it occurred to me to make this article to talk a little bit about the matter, and show you some examples that I&#8217;ve photographed of this practice.<\/p>\n<p>So, let&#8217;s start with a simple list of reasons why an Airplane can have different colours than the rest of the fleet in a given moment.<\/p>\n<p>This list isn&#8217;t exhaustive, I just decided to divide it this way arbitrarily. Even so, I think it&#8217;s fit for what I want to do with this article. So let&#8217;s do it.<\/p>\n<p style=\"text-align: center;\"><strong><strong>ADVERTISING<\/strong><\/strong><\/p>\n<p>Some airlines offer their Airplanes as flying billboards. This kind of agreement can happen in an Airplane that changes its colours totally.<\/p>\n<p>Or it can happen with the installation of a sticker showing the product or service somewhere in the Airplane, but keeping the normal colours otherwise.<\/p>\n<p>It can also happen because of specific events, such as the now traditional Coca-Cola Airplane with the FIFA World Cup trophy.<\/p>\n<p style=\"text-align: center;\"><strong><strong>BY ASSOCIATION WITH SOME INSTITUTION, EVENT, OR SPORTS TEAM<\/strong><\/strong><\/p>\n<p>Many times Airplanes have been painted with subjects alluding to some institution, or some sports team.<\/p>\n<p>Like with the advertising, some times it&#8217;s about a sticker (big or small), and some times the whole Airplane changes its identity.<\/p>\n<p>We could set as examples of this the Avianca Airbus A319 that had a sticker of the Colombian national football team, or the JetBlue A320 totally painted green with the Boston Celtics&#8217; colours, a NBA team in the United States.<\/p>\n<p style=\"text-align: center;\"><strong><strong>IN COMMEMORATION OF ANNIVERSARIES, OWN CAMPAIGNS, CELEBRATIONS, OR REMEMBERING PAST TIMES<\/strong><\/strong><\/p>\n<p>These are some of my favourites.<\/p>\n<p>The ones commemorating anniversaries are just that, the company just turned a determined number of years, and they painted some Airplane, or put some sticker to it.<\/p>\n<p>The ones remembering past times are some of the ones I like the most. These are Airplanes they paint with colours the airline had many years ago, before the current corporate image. They&#8217;re called <strong><strong>&#8220;retro-jets&#8221;<\/strong><\/strong>.<\/p>\n<p>There is a variation of this, it&#8217;s when the current airline is the result of the buy-out or merger with others.<\/p>\n<p>Now and then they paint some Airplane with the colours of the airline that doesn&#8217;t exist anymore.<\/p>\n<p>Also, when the airline is the first one to fly some type of Airplane, or any similar reason, they usually paint Airplanes with subjects alluding to that.<\/p>\n<p>Some times, the airline makes a campaign that belongs to them only, and they paint the Airplane accordingly.<\/p>\n<p style=\"text-align: center;\"><strong><strong>FOR OPERATIONAL REASONS<\/strong><\/strong><\/p>\n<p>It happens at times that an airline acquires some second-hand Airplane that used to fly for another before.<\/p>\n<p>Painting an Airplane is a time-consuming process and it&#8217;s not cheap, and an Airplane that isn&#8217;t flying is lost revenue.<\/p>\n<p>So when an Airplane reaches in those conditions and is ready to fly, sometimes Airlines prefer to put it to fly without painting it, leaving a mix between the former airline&#8217;s colours, and the titles of the current.<\/p>\n<p>It also happens when an airline is going to use an Airplane that belongs to another one for a short period, knowing beforehand it&#8217;s going to be like that.<\/p>\n<p>In those cases, it can&#8217;t be financially justified to paint the whole Airplane, and in general they only change the titles and that&#8217;s it, since the Airplane will return to its original owner in short time.<\/p>\n<p>That would mean a double painting job, with the costs it has in time and money, and since the operation is going to be for short time, they just leave it as it came, and only change the titles.<\/p>\n<p>Those Airplanes are usually called\u00a0<strong><strong>&#8220;hybrids&#8221;<\/strong><\/strong>, and some are really striking.<\/p>\n<p>Another variation of this is leaving the Airplane only with the titles, and the rest without painting. It&#8217;s usually made when the Airplane is going to be returned to its owner, or was sold, or some other reason that may warrant it.<\/p>\n<p style=\"text-align: center;\"><strong><strong>BELONGING TO A GLOBAL ALLIANCE<\/strong><\/strong><\/p>\n<p>Some airlines belong to global alliances such as\u00a0<strong>Star Alliance<\/strong>, <strong>OneWorld<\/strong> or <strong>SkyTeam<\/strong>.<\/p>\n<p>Usually when belonging to any of those alliances, some Airplanes in the fleet are painted with colours alluding to the alliance.<\/p>\n<p style=\"text-align: center;\"><strong><strong>BEING AN AIRPLANE IN EXHIBITION BY THE COMPANY THAT MAKES IT<\/strong><\/strong><\/p>\n<p>Some Airplane makers such as <strong>Airbus<\/strong>, <strong>Boeing<\/strong> or <strong>Bombardier <\/strong>go to air fairs, events, and conventions worldwide such as <strong><strong>Farnborough<\/strong><\/strong> in the United Kingdom, or <strong><strong>FIDAE<\/strong><\/strong> in Chile, among others, to showcase their Airplanes&#8217; capabilities.<\/p>\n<p>Often, they find buyers there or close deals that were already being prepared, when they take their Airplanes to those events usually they paint them with the colours of the maker, that almost never are seen again in operation (even though there are some very <a href=\"http:\/\/www.airliners.net\/photo\/China-Airlines\/Boeing-777-309-ER\/4900053\/L\" target=\"_blank\" rel=\"noopener noreferrer\">interesting<\/a> Boeing colour schemes flying with <strong>China Airlines<\/strong>).<\/p>\n<hr \/>\n<p>After that little explanation, I want to show you some examples that I&#8217;ve been able to photograph.<\/p>\n<p>Of course, this list is limited to what I&#8217;ve photographed (and some external links to photos of other people), but these practices exists since before I was born, and in many more places that I&#8217;ve been able to visit. That is, this is but a small sample.<\/p>\n<p>The list will go by airline name in alphabetical order, and I will include some details of the pictures, and the reason of the colours if I know it.<\/p>\n<p>I&#8217;ve divided the whole article in several lists so it doesn&#8217;t become so heavy. This is list <strong><strong>A-4<\/strong><\/strong>. In the menu in the beginning, or in the end, you will be able to browse toward the others.<\/p>\n<p>I hope you like it.<\/p>\n\n[aesop_chapter  title=&#8221;List A-4&#8243; subtitle=&#8221;The fourth list of airlines by the letter A.&#8221; bgtype=&#8221;color&#8221; full=&#8221;on&#8221; video_autoplay=&#8221;play_scroll&#8221; bgcolor=&#8221;#ffffff&#8221; maxheight=&#8221;50%&#8221; revealfx=&#8221;inplace&#8221; overlay_revealfx=&#8221;off&#8221;]\n<ul class=\"nav nav-tabs\" id=\"\"><li class=\"active\"><a href=\"#custom-tab-0-d022e69129e234bb56b6632aeaf184c0\" data-toggle=\"tab\" >A-4<\/a><\/li><\/ul><div class=\"tab-content\">\n<div id=\"custom-tab-0-d022e69129e234bb56b6632aeaf184c0\" class=\"tab-pane active\">\n<table>\n<tbody>\n<tr>\n<td><a href=\"#OR\">Arkefly<\/a><\/td>\n<\/tr>\n<tr>\n<td><a href=\"#U8\">Armavia<\/a><\/td>\n<\/tr>\n<tr>\n<td><a href=\"#RC\">Atlantic Airways<\/a><\/td>\n<\/tr>\n<tr>\n<td><a href=\"#5Y\">Atlas Air<\/a><\/td>\n<\/tr>\n<tr>\n<td><a href=\"#ATR\">ATR<\/a><\/td>\n<\/tr>\n<tr>\n<td><a href=\"#OS\">Austrian Airlines<\/a><\/td>\n<\/tr>\n<tr>\n<td><a href=\"#AV\">Avianca<\/a><\/td>\n<\/tr>\n<tr>\n<td><a href=\"#AD\">Azul<\/a><\/td>\n<\/tr>\n<\/tbody>\n<\/table>\n<\/div>\n<\/div>\n<a name=\"OR\"><\/a><\/p>\n<hr \/>\n<p><strong><strong>Arkefly (Netherlands)<\/strong><\/strong><\/p>\n<p>Arkefly had the following colours as the normal ones when I took the photos:<\/p>\n\n[aesop_image  img=&#8221;https:\/\/www.alpharamirez.com\/wp-content\/uploads\/2019\/02\/DSC_5909.jpg&#8221; panorama=&#8221;off&#8221; imgwidth=&#8221;100%&#8221; credit=&#8221;Ram\u00edrez.&#8221; alt=&#8221;OR&#8221; align=&#8221;center&#8221; lightbox=&#8221;off&#8221; caption=&#8221;Arkefly normal colours.&#8221; captionposition=&#8221;center&#8221; revealfx=&#8221;inplace&#8221; overlay_revealfx=&#8221;off&#8221; text_float=&#8221;off&#8221;]\n<p>Up next, the airline&#8217;s Airplanes with special colours I&#8217;ve photographed:<\/p>\n<hr \/>\n<p><strong><strong>1.<br \/>\nAirplane:<\/strong><\/strong> Boeing 767-300\u00a0|\u00a0<strong><strong>Registration:<\/strong><\/strong> PH-AHX<br \/>\n<strong><strong>Place in which I photographed it:<\/strong><\/strong> Amsterdam-Schiphol AMS | <strong><strong>Date:<\/strong><\/strong> July 2012<\/p>\n[aesop_parallax  img=&#8221;https:\/\/www.alpharamirez.com\/wp-content\/uploads\/2019\/02\/DSC_6643.jpg&#8221; parallaxbg=&#8221;off&#8221; captionposition=&#8221;bottom-left&#8221; lightbox=&#8221;off&#8221; floater=&#8221;off&#8221; floaterposition=&#8221;left&#8221; floaterdirection=&#8221;none&#8221; overlay_revealfx=&#8221;off&#8221;]\n<p>Arkefly back then was in a period of mergers and consolidations with other companies of the sector such as\u00a0<strong>HollandExel<\/strong>.<\/p>\n<p>For that reason, some Airplanes such as this <strong><strong>Boeing 767-300<\/strong><\/strong> didn&#8217;t have the official colours of the moment. The official ones were the blue shown above.<\/p>\n<hr \/>\n<p><strong><strong>2.<br \/>\nAirplane:<\/strong><\/strong> Boeing 737-800 | <strong><strong>Registration:<\/strong><\/strong> N739MA<br \/>\n<strong><strong>Place in which I photographed it:<\/strong><\/strong> Amsterdam-Schiphol AMS | <strong><strong>Date:<\/strong><\/strong> July 2012<\/p>\n\n[aesop_parallax  img=&#8221;https:\/\/www.alpharamirez.com\/wp-content\/uploads\/2019\/02\/DSC_6764.jpg&#8221; parallaxbg=&#8221;off&#8221; captionposition=&#8221;bottom-left&#8221; lightbox=&#8221;off&#8221; floater=&#8221;off&#8221; floaterposition=&#8221;left&#8221; floaterdirection=&#8221;none&#8221; overlay_revealfx=&#8221;off&#8221;]\n<p>This <strong><strong>Boeing 737-800<\/strong><\/strong> was a <strong><strong>hybrid<\/strong><\/strong>. It had colours of an airline from the United States called <strong>Miami Air International<\/strong> (<a href=\"http:\/\/www.airliners.net\/photo\/Miami-Air\/Boeing-737-8Q8\/2487662\/L\" target=\"_blank\" rel=\"noopener noreferrer\">click here<\/a> to see it in that airline), and Arkefly titles.<\/p>\n<p><a name=\"U8\"><\/a><\/p>\n<hr \/>\n<p><strong><strong>Armavia (Armenia)<\/strong><\/strong><\/p>\n<p>Armavia had the following colours as the normal ones when I took the photos:<\/p>\n<p>I don\u2019t have a photo of the normal colours of Armavia in that time taken by me. But <a href=\"http:\/\/www.airliners.net\/photo\/Armavia\/Yakovlev-Yak-42D\/2734074\/L\" target=\"_blank\" rel=\"noopener noreferrer\">clicking here<\/a> you can go to one taken by a third person.<\/p>\n<p>Up next, the airline&#8217;s Airplanes with special colours I&#8217;ve photographed:<\/p>\n<hr \/>\n<p><strong><strong>1.<br \/>\nAirplane:<\/strong><\/strong> Boeing 737-500 | <strong><strong>Registration:<\/strong><\/strong> EK-73772<br \/>\n<strong><strong>Place in which I photographed it:<\/strong><\/strong> Moscow-Vnukovo VKO | <strong><strong>Date:<\/strong><\/strong> May 2012<\/p>\n\n[aesop_parallax  img=&#8221;https:\/\/www.alpharamirez.com\/wp-content\/uploads\/2019\/02\/DSC_5761.jpg&#8221; parallaxbg=&#8221;off&#8221; captionposition=&#8221;bottom-left&#8221; lightbox=&#8221;off&#8221; floater=&#8221;off&#8221; floaterposition=&#8221;left&#8221; floaterdirection=&#8221;none&#8221; overlay_revealfx=&#8221;off&#8221;]\n<p>This <strong><strong>Boeing 737-500<\/strong><\/strong> still had partial colours of its former operator, <strong>CSA Czech Airlines<\/strong>, which would make it a kind of <strong><strong>hybrid<\/strong><\/strong>.<\/p>\n<p>You can <a href=\"https:\/\/www.jetphotos.com\/photo\/8902799\" target=\"_blank\" rel=\"noopener noreferrer\">click here<\/a> to see it when it flew for that airline.<a name=\"RC\"><\/a><\/p>\n<hr \/>\n<p><strong><strong>Atlantic Airways (Faroe Islands)<\/strong><\/strong><\/p>\n<p>Atlantic Airways had the following colours as the normal ones when I took the photos:<\/p>\n\n[aesop_image  img=&#8221;https:\/\/www.alpharamirez.com\/wp-content\/uploads\/2019\/02\/DSC_1388.jpg&#8221; panorama=&#8221;off&#8221; imgwidth=&#8221;100%&#8221; credit=&#8221;Ram\u00edrez.&#8221; alt=&#8221;RC&#8221; align=&#8221;center&#8221; lightbox=&#8221;off&#8221; caption=&#8221;Atlantic Airways normal colours.&#8221; captionposition=&#8221;center&#8221; revealfx=&#8221;inplace&#8221; overlay_revealfx=&#8221;off&#8221; text_float=&#8221;off&#8221;]\n<p>Up next, the airline&#8217;s Airplanes with special colours I&#8217;ve photographed:<\/p>\n<hr \/>\n<p><strong><strong>1.<br \/>\nAirplane:<\/strong><\/strong> British Aerospace Avro RJ85 | <strong><strong>Registration:<\/strong><\/strong> OY-RCD<br \/>\n<strong><strong>Place in which I photographed it:<\/strong><\/strong> Copenhagen-Kastrup CPH | <strong><strong>Date:<\/strong><\/strong> June 2012<\/p>\n\n[aesop_parallax  img=&#8221;https:\/\/www.alpharamirez.com\/wp-content\/uploads\/2019\/02\/DSC_1279.jpg&#8221; parallaxbg=&#8221;off&#8221; captionposition=&#8221;bottom-left&#8221; lightbox=&#8221;off&#8221; floater=&#8221;off&#8221; floaterposition=&#8221;left&#8221; floaterdirection=&#8221;none&#8221; overlay_revealfx=&#8221;off&#8221;]\n<p>This <strong><strong>Avro RJ85<\/strong><\/strong> had a white and simplified variation of the normal colours.<\/p>\n<p><a name=\"5Y\"><\/a><\/p>\n<hr \/>\n<p><strong><strong>Atlas Air (United States)<\/strong><\/strong><\/p>\n<p>Atlas Air had the following colours as the normal ones when I took the photos:<\/p>\n[aesop_image  img=&#8221;https:\/\/www.alpharamirez.com\/wp-content\/uploads\/2019\/02\/DSC_8155.jpg&#8221; panorama=&#8221;off&#8221; imgwidth=&#8221;100%&#8221; credit=&#8221;Ram\u00edrez.&#8221; alt=&#8221;5Y&#8221; align=&#8221;center&#8221; lightbox=&#8221;off&#8221; caption=&#8221;Atlas Air normal colours.&#8221; captionposition=&#8221;center&#8221; revealfx=&#8221;inplace&#8221; overlay_revealfx=&#8221;off&#8221; text_float=&#8221;off&#8221;]\n<p>Up next, the airline&#8217;s Airplanes with special colours I&#8217;ve photographed:<\/p>\n<hr \/>\n<p><strong><strong>1.<br \/>\nAirplane:<\/strong><\/strong> Boeing 747-400 | <strong><strong>Registration:<\/strong><\/strong> N263SG<br \/>\n<strong><strong>Place in which I photographed it:<\/strong><\/strong> Santiago SCL | <strong><strong>Date:<\/strong><\/strong> April 2012<\/p>\n\n[aesop_parallax  img=&#8221;https:\/\/www.alpharamirez.com\/wp-content\/uploads\/2019\/02\/DSC_2288.jpg&#8221; parallaxbg=&#8221;off&#8221; captionposition=&#8221;bottom-left&#8221; lightbox=&#8221;off&#8221; floater=&#8221;off&#8221; floaterposition=&#8221;left&#8221; floaterdirection=&#8221;none&#8221; overlay_revealfx=&#8221;off&#8221;]\n<p>This <strong><strong>Boeing 747-400<\/strong><\/strong> had a variation compared to the normal colours.<\/p>\n[aesop_parallax  img=&#8221;https:\/\/www.alpharamirez.com\/wp-content\/uploads\/2019\/02\/DSC_2284.jpg&#8221; parallaxbg=&#8221;off&#8221; captionposition=&#8221;bottom-left&#8221; lightbox=&#8221;off&#8221; floater=&#8221;off&#8221; floaterposition=&#8221;left&#8221; floaterdirection=&#8221;none&#8221; overlay_revealfx=&#8221;off&#8221;]\n<p>At that moment, they were transporting the <em><strong>Foo Fighters<\/strong><\/em> after a gig in Santiago the earlier day. And for that reason, the Airplane had some stickers of the band in the nose and the engines.<a name=\"ATR\"><\/a><\/p>\n<hr \/>\n<p><strong><strong>ATR (France and Italy)<\/strong><\/strong><\/p>\n<p>ATR as Airplane makers don\u2019t have some \u201cofficial\u201d or \u201cnormal\u201d colours to paint its Airplanes.<\/p>\n<p>Although they usually have some patterns that remain for some years, for each air fair or tour they usually put different stickers, or change the colours altogether.<\/p>\n<p>So I won\u2019t put any\u00a0<em><strong>\u201cnormal colours\u201d<\/strong><\/em>\u00a0here, but you can see the variations I\u2019ve photographed below.<\/p>\n<p>Up next, the airline&#8217;s Airplanes with special colours I&#8217;ve photographed:<\/p>\n<hr \/>\n<p><strong><strong>1.<br \/>\nAirplane:<\/strong><\/strong> ATR 72-600 | <strong><strong>Registration:<\/strong><\/strong> F-WWEY<br \/>\n<strong><strong>Place in which I photographed it:<\/strong><\/strong> Farnborough FAB | <strong><strong>Date:<\/strong><\/strong> July 2010<\/p>\n[aesop_parallax  img=&#8221;https:\/\/www.alpharamirez.com\/wp-content\/uploads\/2019\/02\/DSC_2043-2.jpg&#8221; parallaxbg=&#8221;off&#8221; captionposition=&#8221;bottom-left&#8221; lightbox=&#8221;off&#8221; floater=&#8221;off&#8221; floaterposition=&#8221;left&#8221; floaterdirection=&#8221;none&#8221; overlay_revealfx=&#8221;off&#8221;]\n<p>This <strong><strong>ATR 72-600<\/strong><\/strong> was exhibited with these colours in <strong>Farnborough 2010<\/strong>.<\/p>\n<p><a name=\"OS\"><\/a><\/p>\n<hr \/>\n<p><strong><strong>Austrian Airlines (Austria)<\/strong><\/strong><\/p>\n<p>Austrian Airlines\u00a0had the following colours as the normal ones when I took the photos:<\/p>\n\n\n[aesop_image  img=&#8221;https:\/\/www.alpharamirez.com\/wp-content\/uploads\/2019\/02\/DSC_5065.jpg&#8221; panorama=&#8221;off&#8221; imgwidth=&#8221;100%&#8221; credit=&#8221;Ram\u00edrez.&#8221; alt=&#8221;OS&#8221; align=&#8221;center&#8221; lightbox=&#8221;off&#8221; caption=&#8221;Austrian Airlines normal colours.&#8221; captionposition=&#8221;center&#8221; revealfx=&#8221;inplace&#8221; overlay_revealfx=&#8221;off&#8221; text_float=&#8221;off&#8221;]\n<p>Up next, the airline&#8217;s Airplanes with special colours I&#8217;ve photographed:<\/p>\n<hr \/>\n<p><strong><strong>1.<br \/>\nAirplane:<\/strong><\/strong> Boeing 737-800 | <strong><strong>Registration:<\/strong><\/strong> OE-LNT<br \/>\n<strong><strong>Place in which I photographed it:<\/strong><\/strong> London-Heathrow LHR | <strong><strong>Date:<\/strong><\/strong> July 2010<\/p>\n[aesop_parallax  img=&#8221;https:\/\/www.alpharamirez.com\/wp-content\/uploads\/2019\/02\/DSC_1100.jpg&#8221; parallaxbg=&#8221;off&#8221; captionposition=&#8221;bottom-left&#8221; lightbox=&#8221;off&#8221; floater=&#8221;off&#8221; floaterposition=&#8221;left&#8221; floaterdirection=&#8221;none&#8221; overlay_revealfx=&#8221;off&#8221;]\n<p>Austrian Airlines is a member of Star Alliance, and for that reason, has some Airplanes painted with the colours of the alliance (like the rest of the members). In this particular case, a <strong><strong>Boeing 737-800<\/strong><\/strong>.<\/p>\n<p><a name=\"AV\"><\/a><\/p>\n<hr \/>\n<p><strong><strong>Avianca (Colombia)<\/strong><\/strong><\/p>\n<p>Avianca had the following colours as the normal ones when I took the photos:<\/p>\n\n[aesop_image  img=&#8221;https:\/\/www.alpharamirez.com\/wp-content\/uploads\/2019\/02\/IMG_7166.jpg&#8221; panorama=&#8221;off&#8221; imgwidth=&#8221;100%&#8221; credit=&#8221;Ram\u00edrez.&#8221; alt=&#8221;AV&#8221; align=&#8221;center&#8221; lightbox=&#8221;off&#8221; caption=&#8221;Avianca normal colours from 2005 until 2013.&#8221; captionposition=&#8221;center&#8221; revealfx=&#8221;inplace&#8221; overlay_revealfx=&#8221;off&#8221; text_float=&#8221;off&#8221;]\n\n\n[aesop_image  img=&#8221;https:\/\/www.alpharamirez.com\/wp-content\/uploads\/2019\/02\/DSC_6187.jpg&#8221; panorama=&#8221;off&#8221; imgwidth=&#8221;100%&#8221; credit=&#8221;Ram\u00edrez.&#8221; alt=&#8221;AV&#8221; align=&#8221;center&#8221; lightbox=&#8221;off&#8221; caption=&#8221;Avianca normal colours from 2013. The current ones at the time of writing this.&#8221; captionposition=&#8221;center&#8221; revealfx=&#8221;inplace&#8221; overlay_revealfx=&#8221;off&#8221; text_float=&#8221;off&#8221;]\n<p>Up next, the airline&#8217;s Airplanes with special colours I&#8217;ve photographed:<\/p>\n<hr \/>\n<p><strong><strong>1.<br \/>\nAirplane:<\/strong><\/strong> McDonnell-Douglas MD-83 | <strong><strong>Registration:<\/strong><\/strong> EI-CEQ<br \/>\n<strong><strong>Place in which I photographed it:<\/strong><\/strong> Medellin-Rionegro MDE | <strong><strong>Date:<\/strong><\/strong> January 2008<\/p>\n[aesop_parallax  img=&#8221;https:\/\/www.alpharamirez.com\/wp-content\/uploads\/2019\/02\/IMG_4894.jpg&#8221; parallaxbg=&#8221;off&#8221; captionposition=&#8221;bottom-left&#8221; lightbox=&#8221;off&#8221; floater=&#8221;off&#8221; floaterposition=&#8221;left&#8221; floaterdirection=&#8221;none&#8221; overlay_revealfx=&#8221;off&#8221;]\n<p>I don&#8217;t remember the origin of this agreement, but many years ago Avianca had some Airplanes painted with liveries alluding to the <strong>Colombia National Coffee Growers Federation<\/strong>, and its character, <em><strong>Juan Valdez<\/strong><\/em>.<\/p>\n[aesop_parallax  img=&#8221;https:\/\/www.alpharamirez.com\/wp-content\/uploads\/2019\/02\/IMG_4889.jpg&#8221; parallaxbg=&#8221;off&#8221; captionposition=&#8221;bottom-left&#8221; lightbox=&#8221;off&#8221; floater=&#8221;off&#8221; floaterposition=&#8221;left&#8221; floaterdirection=&#8221;none&#8221; overlay_revealfx=&#8221;off&#8221;]\n<p>One of these Airplanes was this <strong><strong>McDonnell-Douglas MD-83<\/strong><\/strong>, the <strong><strong>EI-CEQ<\/strong><\/strong>.<\/p>\n<hr \/>\n<p><strong><strong>2.<br \/>\nAirplane:<\/strong><\/strong> Boeing 767-200 | <strong><strong>Registration:<\/strong><\/strong>\u00a0N988AN<br \/>\n<strong><strong>Place in which I photographed it:<\/strong><\/strong> Bogota BOG | <strong><strong>Date:<\/strong><\/strong> March 2009<\/p>\n[aesop_parallax  img=&#8221;https:\/\/www.alpharamirez.com\/wp-content\/uploads\/2019\/02\/IMG_3348.jpg&#8221; parallaxbg=&#8221;off&#8221; captionposition=&#8221;bottom-left&#8221; lightbox=&#8221;off&#8221; floater=&#8221;off&#8221; floaterposition=&#8221;left&#8221; floaterdirection=&#8221;none&#8221; overlay_revealfx=&#8221;off&#8221;]\n<p>Another Airplane with <em><strong>Juan Valdez<\/strong><\/em> colours was this <strong><strong>Boeing 767-200<\/strong><\/strong>.<\/p>\n<hr \/>\n<p><strong><strong>3.<br \/>\nAirplane:<\/strong><\/strong> Boeing 757-200 | <strong><strong>Registration:<\/strong><\/strong>\u00a0N522NA<br \/>\n<strong><strong>Place in which I photographed it:<\/strong><\/strong> Medellin-Rionegro MDE | <strong><strong>Date:<\/strong><\/strong> May 2008<\/p>\n\n[aesop_parallax  img=&#8221;https:\/\/www.alpharamirez.com\/wp-content\/uploads\/2019\/02\/IMG_6323.jpg&#8221; parallaxbg=&#8221;off&#8221; captionposition=&#8221;bottom-left&#8221; lightbox=&#8221;off&#8221; floater=&#8221;off&#8221; floaterposition=&#8221;left&#8221; floaterdirection=&#8221;none&#8221; overlay_revealfx=&#8221;off&#8221;]\n<p>The third Airplane with <em><strong>Juan Valdez<\/strong><\/em> colours that I could photograph was this <strong><strong>Boeing 757-200<\/strong><\/strong>.<\/p>\n<hr \/>\n<p><strong><strong>4.<br \/>\nAirplane:<\/strong><\/strong> Boeing 767-200 | <strong><strong>Registration:<\/strong><\/strong> N728CG<br \/>\n<strong><strong>Place in which I photographed it:<\/strong><\/strong> Bogota BOG | <strong><strong>Date:<\/strong><\/strong> March 2010<\/p>\n[aesop_parallax  img=&#8221;https:\/\/www.alpharamirez.com\/wp-content\/uploads\/2019\/02\/IMG_9409.jpg&#8221; parallaxbg=&#8221;off&#8221; captionposition=&#8221;bottom-left&#8221; lightbox=&#8221;off&#8221; floater=&#8221;off&#8221; floaterposition=&#8221;left&#8221; floaterdirection=&#8221;none&#8221; overlay_revealfx=&#8221;off&#8221;]\n<p>Many years ago there was a kind of strong campaign to establish a <em><strong>country brand<\/strong><\/em> for Colombia.<\/p>\n<p>Nowadays they <a href=\"https:\/\/www.colombia.co\/\" target=\"_blank\" rel=\"noopener noreferrer\">use<\/a> a multi-coloured logo, but in those days a heart-shaped one was gaining momentum. That initial logo was in this <strong><strong>Boeing 767-200<\/strong><\/strong> for some time.<\/p>\n<hr \/>\n<p><strong><strong>5.<br \/>\nAirplane:<\/strong><\/strong> Airbus A330-200 |\u00a0<strong><strong>Registration:<\/strong><\/strong> N973AV<br \/>\n<strong><strong>Place in which I photographed it:<\/strong><\/strong> Medellin-Rionegro MDE | <strong><strong>Date:<\/strong><\/strong> August 2010<\/p>\n\n[aesop_parallax  img=&#8221;https:\/\/www.alpharamirez.com\/wp-content\/uploads\/2019\/02\/DSC_5639.jpg&#8221; parallaxbg=&#8221;off&#8221; captionposition=&#8221;bottom-left&#8221; lightbox=&#8221;off&#8221; floater=&#8221;off&#8221; floaterposition=&#8221;left&#8221; floaterdirection=&#8221;none&#8221; overlay_revealfx=&#8221;off&#8221;]\n<p>Avianca turned 90 years old in 2009.<\/p>\n<p>To celebrate the fact, they put a sticker that said <em><strong>&#8220;90 a\u00f1os&#8221; (&#8220;90 years&#8221;)<\/strong><\/em> in two Airplanes. This <strong><strong>Airbus A330-200<\/strong><\/strong> was one of them.<\/p>\n<hr \/>\n<p><strong><strong>6.<br \/>\nAirplane:<\/strong><\/strong> Airbus A320 | <strong><strong>Registration:<\/strong><\/strong> N416AV<br \/>\n<strong><strong>Place in which I photographed it:<\/strong><\/strong> Medellin-Rionegro MDE | <strong><strong>Date:<\/strong><\/strong> August 2010<\/p>\n[aesop_parallax  img=&#8221;https:\/\/www.alpharamirez.com\/wp-content\/uploads\/2019\/02\/DSC_6340.jpg&#8221; parallaxbg=&#8221;off&#8221; captionposition=&#8221;bottom-left&#8221; lightbox=&#8221;off&#8221; floater=&#8221;off&#8221; floaterposition=&#8221;left&#8221; floaterdirection=&#8221;none&#8221; overlay_revealfx=&#8221;off&#8221;]\n<p>The other Airplane having the 90 years sticker was this <strong><strong>Airbus A320<\/strong><\/strong>, registration <strong><strong>N416AV<\/strong><\/strong>.<\/p>\n<p>As an additional note on Avianca, they have had many <strong><strong>hybrids<\/strong><\/strong>, and also had a pair of very interesting <strong><strong>retro-jets<\/strong><\/strong> that I couldn&#8217;t photograph.<\/p>\n<p>The <a href=\"http:\/\/www.airliners.net\/photo\/Avianca\/McDonnell-Douglas-MD-83-DC-9-83\/5282699\/L\" target=\"_blank\" rel=\"noopener noreferrer\">first<\/a> of these retro was a <strong><strong>McDonnell-Douglas MD-83<\/strong><\/strong>, and the <a href=\"http:\/\/www.airliners.net\/photo\/Avianca\/Boeing-757-28A\/290249\/L\" target=\"_blank\" rel=\"noopener noreferrer\">second<\/a> a <strong><strong>Boeing 757-200<\/strong><\/strong>.<\/p>\n<hr \/>\n<p><strong><strong>7.<br \/>\nAirplane:<\/strong><\/strong> Airbus A320 | <strong><strong>Registration:<\/strong><\/strong> N477AV<br \/>\n<strong><strong>Place in which I photographed it:<\/strong><\/strong> Medellin-Rionegro MDE | <strong><strong>Date:<\/strong><\/strong> March 2013<\/p>\n[aesop_parallax  img=&#8221;https:\/\/www.alpharamirez.com\/wp-content\/uploads\/2019\/02\/DSC_9205.jpg&#8221; parallaxbg=&#8221;off&#8221; captionposition=&#8221;bottom-left&#8221; lightbox=&#8221;off&#8221; floater=&#8221;off&#8221; floaterposition=&#8221;left&#8221; floaterdirection=&#8221;none&#8221; overlay_revealfx=&#8221;off&#8221;]\n<p>Avianca, as a member of <strong>Star Alliance<\/strong>, has many Airplanes painted with the colours of the alliance.<\/p>\n<p>In this example, an <strong><strong>Airbus A320<\/strong><\/strong>, similar (or perhaps even the same) that was arriving when the dialogue I mentioned in the introduction took place.<\/p>\n<hr \/>\n<p><strong><strong>8.<br \/>\nAirplane:<\/strong><\/strong> Airbus A319 | <strong><strong>Registration:<\/strong><\/strong> N726AV<br \/>\n<strong><strong>Place in which I photographed it:<\/strong><\/strong> Medellin-Rionegro MDE | <strong><strong>Date:<\/strong><\/strong> July 2016<\/p>\n\n[aesop_parallax  img=&#8221;https:\/\/www.alpharamirez.com\/wp-content\/uploads\/2019\/02\/DSC_4811.jpg&#8221; parallaxbg=&#8221;off&#8221; captionposition=&#8221;bottom-left&#8221; lightbox=&#8221;off&#8221; floater=&#8221;off&#8221; floaterposition=&#8221;left&#8221; floaterdirection=&#8221;none&#8221; overlay_revealfx=&#8221;off&#8221;]\n<p>For a while, Avianca had this <strong><strong>Airbus A319<\/strong><\/strong> with a sticker alluding to the Colombia national football team.<\/p>\n<hr \/>\n<p><strong><strong>9.<br \/>\nAirplane:<\/strong><\/strong> Boeing 787-8 | <strong><strong>Registration:<\/strong><\/strong> N796AV<br \/>\n<strong><strong>Place in which I photographed it:<\/strong><\/strong> Medellin-Rionegro MDE | <strong><strong>Date:<\/strong><\/strong> January 2019<\/p>\n\n[aesop_parallax  img=&#8221;https:\/\/www.alpharamirez.com\/wp-content\/uploads\/2019\/02\/DSC_4566.jpg&#8221; parallaxbg=&#8221;off&#8221; captionposition=&#8221;bottom-left&#8221; lightbox=&#8221;off&#8221; floater=&#8221;off&#8221; floaterposition=&#8221;left&#8221; floaterdirection=&#8221;none&#8221; overlay_revealfx=&#8221;off&#8221;]\n<p>Avianca was the airline in charge of transporting pope Francis in his visit to Colombia in 2017.<\/p>\n<p>For this reason, they put to the Airplanes that transporten him (and some others) a sticker that says\u00a0<em><strong><strong>&#8220;#ViajeDeEsperanza&#8221; (&#8220;#VoyageOfHope&#8221;)<\/strong><\/strong><\/em>.<\/p>\n<hr \/>\n<p><strong><strong>10.<br \/>\nAirplane:<\/strong><\/strong> Airbus A320 | <strong><strong>Registration:<\/strong><\/strong> N284AV<br \/>\n<strong><strong>Place in which I photographed it:<\/strong><\/strong> Medellin-Rionegro MDE | <strong><strong>Date:<\/strong><\/strong> September 2019<\/p>\n\n[aesop_parallax  img=&#8221;https:\/\/www.alpharamirez.com\/wp-content\/uploads\/2019\/03\/DSC_2334.jpg&#8221; parallaxbg=&#8221;off&#8221; captionposition=&#8221;bottom-left&#8221; lightbox=&#8221;off&#8221; floater=&#8221;off&#8221; floaterposition=&#8221;left&#8221; floaterdirection=&#8221;none&#8221; overlay_revealfx=&#8221;off&#8221;]\n<p>As part of their 100 years celebrations, Avianca painted this <strong><strong>Airbus A320<\/strong><\/strong> into retro colours.<\/p>\n[aesop_parallax  img=&#8221;https:\/\/www.alpharamirez.com\/wp-content\/uploads\/2019\/03\/DSC_2338.jpg&#8221; parallaxbg=&#8221;off&#8221; captionposition=&#8221;bottom-left&#8221; lightbox=&#8221;off&#8221; floater=&#8221;off&#8221; floaterposition=&#8221;left&#8221; floaterdirection=&#8221;none&#8221; overlay_revealfx=&#8221;off&#8221;]\n<p>I managed to take photos of it on its first landing at MDE, on its second day of operations in Colombia after arriving from Guatemala, where it was painted.<\/p>\n<hr \/>\n<p><strong><strong>11.<br \/>\nAirplane:<\/strong><\/strong> Airbus A320 |\u00a0<strong><strong>Registration:<\/strong><\/strong> N724AV<br \/>\n<strong><strong>Place in which I photographed it:<\/strong><\/strong> Medellin-Rionegro MDE |\u00a0<strong><strong>Date:<\/strong><\/strong> January 2018<\/p>\n[aesop_parallax  img=&#8221;https:\/\/www.alpharamirez.com\/wp-content\/uploads\/2019\/03\/avgracias.jpg&#8221; parallaxbg=&#8221;off&#8221; captionposition=&#8221;bottom-left&#8221; lightbox=&#8221;off&#8221; floater=&#8221;off&#8221; floaterposition=&#8221;left&#8221; floaterdirection=&#8221;none&#8221; overlay_revealfx=&#8221;off&#8221;]\n<p>Avianca had a <a href=\"https:\/\/www.reuters.com\/article\/colombia-avianca\/update-1-avianca-pilots-in-colombia-agree-to-lift-strike-idUSL1N1NG0W3\" target=\"_blank\" rel=\"noopener noreferrer\">strike 2017<\/a> that lasted many days.<\/p>\n<p>Causes notwithstanding, for the user it meant a lot of delayed or cancelled flights, super expensive tickets in the other airlines, and in general low approval of the airline from the general public.<\/p>\n<p>So they replaced the usual <em><strong>&#8220;Avianca&#8221;<\/strong><\/em> name in this\u00a0<strong><strong>Airbus A320<\/strong><\/strong> with a <em><strong>&#8220;Gracias&#8221;<\/strong><\/em> (<em><strong>&#8220;Gracias&#8221;<\/strong><\/em> means <em><strong>&#8220;Thank you&#8221;<\/strong><\/em> in Spanish) as a show of gratefulness towards the entities and parts of the general public that supported and understood the company&#8217;s situation during the strike.<a name=\"AD\"><\/a><\/p>\n<hr \/>\n<p><strong><strong>Azul (Brazil)<\/strong><\/strong><\/p>\n<p>Azul had the following colours as the normal ones when I took the photos:<\/p>\n[aesop_image  img=&#8221;https:\/\/www.alpharamirez.com\/wp-content\/uploads\/2019\/02\/DSC_4585.jpg&#8221; panorama=&#8221;off&#8221; imgwidth=&#8221;100%&#8221; credit=&#8221;Ram\u00edrez.&#8221; alt=&#8221;AD&#8221; align=&#8221;center&#8221; lightbox=&#8221;off&#8221; caption=&#8221;Azul normal colours.&#8221; captionposition=&#8221;center&#8221; revealfx=&#8221;inplace&#8221; overlay_revealfx=&#8221;off&#8221; text_float=&#8221;off&#8221;]\n<p>Up next, the airline&#8217;s Airplanes with special colours I&#8217;ve photographed:<\/p>\n<hr \/>\n<p><strong><strong>1.<br \/>\nAirplane:<\/strong><\/strong> Embraer 195 | <strong><strong>Registration:<\/strong><\/strong> PR-AXL<br \/>\n<strong><strong>Place in which I photographed it:<\/strong><\/strong> Tabatinga TBT | <strong><strong>Date:<\/strong><\/strong> November 2018<\/p>\n\n[aesop_parallax  img=&#8221;https:\/\/www.alpharamirez.com\/wp-content\/uploads\/2019\/02\/DSC_9766.jpg&#8221; parallaxbg=&#8221;off&#8221; captionposition=&#8221;bottom-left&#8221; lightbox=&#8221;off&#8221; floater=&#8221;off&#8221; floaterposition=&#8221;left&#8221; floaterdirection=&#8221;none&#8221; overlay_revealfx=&#8221;off&#8221;]\n<p><strong>Caixa<\/strong> is a Brazilian bank, and the points of their program can be transferred to the frequent traveler program of Azul. In addition, they have Azul branded credit cards.<\/p>\n<p>That alliance is promoted with a sticker in this\u00a0<strong><strong>Embraer 195<\/strong><\/strong>.<\/p>\n<hr \/>\n<p><strong><strong>2.<br \/>\nAirplane:<\/strong><\/strong> Airbus A330-200 | <strong><strong>Registration:<\/strong><\/strong> PR-AIU<br \/>\n<strong><strong>Place in which I photographed it:<\/strong><\/strong> Fort Lauderdale FLL | <strong><strong>Date:<\/strong><\/strong> April 2018<\/p>\n[aesop_parallax  img=&#8221;https:\/\/www.alpharamirez.com\/wp-content\/uploads\/2019\/02\/DSC_4933.jpg&#8221; parallaxbg=&#8221;off&#8221; captionposition=&#8221;bottom-left&#8221; lightbox=&#8221;off&#8221; floater=&#8221;off&#8221; floaterposition=&#8221;left&#8221; floaterdirection=&#8221;none&#8221; overlay_revealfx=&#8221;off&#8221;]\n<p>Azul has a travel packages subsidiary called <a href=\"https:\/\/www.azulviagens.com.br\/\" target=\"_blank\" rel=\"noopener noreferrer\"><em><strong>Azul Viagens<\/strong><\/em><\/a>. This <strong><strong>Airbus A330-200 <\/strong><\/strong>is painted to promote it.<\/p>\n<hr \/>\n<p><strong><strong>3.<br \/>\nAirplane:<\/strong><\/strong> Embraer 190 | <strong><strong>Registration:<\/strong><\/strong> PR-AZL<br \/>\n<strong><strong>Place in which I photographed it:<\/strong><\/strong> Rio de Janeiro-Santos Dumont SDU | <strong><strong>Date:<\/strong><\/strong> June 2013<\/p>\n\n[aesop_parallax  img=&#8221;https:\/\/www.alpharamirez.com\/wp-content\/uploads\/2019\/02\/DSC_3870.jpg&#8221; parallaxbg=&#8221;off&#8221; captionposition=&#8221;bottom-left&#8221; lightbox=&#8221;off&#8221; floater=&#8221;off&#8221; floaterposition=&#8221;left&#8221; floaterdirection=&#8221;none&#8221; overlay_revealfx=&#8221;off&#8221;]\n<p><a href=\"https:\/\/tudoazul.voeazul.com.br\/\" target=\"_blank\" rel=\"noopener noreferrer\"><em><strong>Tudo Azul<\/strong><\/em><\/a> is Azul&#8217;s points program. This <strong><strong>Embraer 190 <\/strong><\/strong>promotes it.<\/p>\n<hr \/>\n<p><strong><strong>4.<br \/>\nAirplane:<\/strong><\/strong> Embraer 195 | <strong><strong>Registration:<\/strong><\/strong> PR-AYV<br \/>\n<strong><strong>Place in which I photographed it:<\/strong><\/strong> Rio de Janeiro-Santos Dumont SDU | <strong><strong>Date:<\/strong><\/strong> June 2013<\/p>\n\n[aesop_parallax  img=&#8221;https:\/\/www.alpharamirez.com\/wp-content\/uploads\/2019\/02\/DSC_3845.jpg&#8221; parallaxbg=&#8221;off&#8221; captionposition=&#8221;bottom-left&#8221; lightbox=&#8221;off&#8221; floater=&#8221;off&#8221; floaterposition=&#8221;left&#8221; floaterdirection=&#8221;none&#8221; overlay_revealfx=&#8221;off&#8221;]\n<p>This <strong><strong>Embraer 195 <\/strong><\/strong>is painted with the colours of the Brazilian flag.<\/p>\n<p>In addition to that, it has a sign that says <em><strong>&#8220;Azul. \u00c9 o Brasil la em cima&#8221;<\/strong><\/em>, something like <em><strong>&#8220;Azul. It&#8217;s Brazil up there&#8221;<\/strong><\/em>.<\/p>\n<hr \/>\n<p><strong><strong>5.<br \/>\nAirplane:<\/strong><\/strong> Embraer 195 | <strong><strong>Registration:<\/strong><\/strong> PR-AYU<br \/>\n<strong><strong>Place in which I photographed it:<\/strong><\/strong> Sao Paulo-Guarulhos GRU | <strong><strong>Date:<\/strong><\/strong> May 2013<\/p>\n[aesop_parallax  img=&#8221;https:\/\/www.alpharamirez.com\/wp-content\/uploads\/2019\/02\/DSC_1719.jpg&#8221; parallaxbg=&#8221;off&#8221; captionposition=&#8221;bottom-left&#8221; lightbox=&#8221;off&#8221; floater=&#8221;off&#8221; floaterposition=&#8221;left&#8221; floaterdirection=&#8221;none&#8221; overlay_revealfx=&#8221;off&#8221;]\n<p><em><strong>Wizard<\/strong><\/em> is a languages <a href=\"https:\/\/www.wizard.com.br\/english-school\/\" target=\"_blank\" rel=\"noopener noreferrer\">school<\/a> in Brazil. This <strong><strong>Embraer 195 <\/strong><\/strong>had advertising of the school.<\/p>\n<hr \/>\n<p style=\"text-align: center;\"><a href=\"https:\/\/www.alpharamirez.com\/en\/colour-me-painted-a-3\/\">GO BACK TO LIST A-3<\/a>&lt; | &gt;<a href=\"https:\/\/www.alpharamirez.com\/en\/colour-me-painted-b\/\">CONTINUE TO LIST B<\/a><\/p>\n<hr \/>\n<div class=\"alert alert-info\" role=\"alert\">This article about Airplanes with special colours is kind of long and thus is divided into <strong>twelve (12)<\/strong> lists. You&#8217;ve just finished to see list <strong>A-4<\/strong>. Choose here any other list you may want to go to: | <a href=\"https:\/\/www.alpharamirez.com\/en\/colour-me-painted-a-1\/\">A-1<\/a>\u00a0| <a href=\"https:\/\/www.alpharamirez.com\/en\/colour-me-painted-a-2\/\">A-2<\/a> | <a href=\"https:\/\/www.alpharamirez.com\/en\/colour-me-painted-a-3\/\">A-3<\/a>\u00a0| <a href=\"https:\/\/www.alpharamirez.com\/en\/colour-me-painted-b\/\">B<\/a> | <a href=\"https:\/\/www.alpharamirez.com\/en\/colour-me-painted-c\/\">C<\/a> | <a href=\"https:\/\/www.alpharamirez.com\/en\/colour-me-painted-d-g\/\">D-G<\/a> | <a href=\"https:\/\/www.alpharamirez.com\/en\/colour-me-painted-h-j\/\">H-J<\/a> | <a href=\"https:\/\/www.alpharamirez.com\/en\/colour-me-painted-k-p\/\">K-P<\/a> | <a href=\"https:\/\/www.alpharamirez.com\/en\/colour-me-painted-q-r\/\">Q-R<\/a> | <a href=\"https:\/\/www.alpharamirez.com\/en\/colour-me-painted-s\/\">S<\/a> | <a href=\"https:\/\/www.alpharamirez.com\/en\/colour-me-painted-t-x\/\">T-X<\/a>\u00a0|<\/div>\n<div class=\"alert alert-success\" role=\"alert\"><img loading=\"lazy\" decoding=\"async\" class=\"alignleft wp-image-4556 size-full\" src=\"https:\/\/www.alpharamirez.com\/wp-content\/uploads\/2017\/07\/colombia-flag-small.png\" alt=\"Colombia\" width=\"23\" height=\"15\" \/>Este art\u00edculo tambi\u00e9n est\u00e1 disponible en\u00a0<a href=\"https:\/\/www.alpharamirez.com\/es\/pintemela-que-yo-se-la-coloreo-a-4\/\">Espa\u00f1ol<\/a>.<\/div>\n","protected":false},"excerpt":{"rendered":"<p>Please remember to read the notes on\u00a0contents and copyright if you have not. This article was first published on: March 2019 This article was last updated on: October 2020 This article about Airplanes with special colours is kind of long and thus is divided into twelve (12) lists. You&#8217;re about to begin to see list [&hellip;]<\/p>\n","protected":false},"author":1,"featured_media":13118,"comment_status":"open","ping_status":"open","sticky":false,"template":"","format":"standard","meta":{"_jetpack_memberships_contains_paid_content":false,"footnotes":""},"categories":[199],"tags":[1251,894,895,1252,1239,1238,999,1001,1259,1003,1004,1007,1016,1023,1009,1010,1014,962,362,403,404,942,886,1240,1260,1015,1012,1241,53,889,1002,1018,907,1245,1008,1261,1005,1254,1248,1262,890,1006,1017,1000,1263,1250,911,876,875,1242,1243,934,398,1011],"class_list":["post-13271","post","type-post","status-publish","format-standard","has-post-thumbnail","hentry","category-the-more-you-know","tag-advertising","tag-airbus-a320","tag-airbus-a330-200","tag-airlines","tag-airplanes","tag-anniversary","tag-arkefly","tag-armavia","tag-armenia","tag-atlantic-airlines","tag-atlas-air","tag-atr","tag-atr-72-600","tag-austria","tag-austrian-airlines","tag-azul","tag-azul-viagens","tag-boeing-737-500","tag-boeing-737-800","tag-boeing-747-400","tag-boeing-757-200","tag-boeing-767-200","tag-boeing-767-300","tag-brazil","tag-brazilian-flag","tag-british-aerospace-avro-rj-85","tag-caixa","tag-celebration","tag-colombia","tag-colombia-es-pasion","tag-csa-czech-airlines","tag-embraer-190","tag-embraer-195","tag-events","tag-farnborough-2010","tag-faroe-islands","tag-foo-fighters","tag-france","tag-hybrid","tag-italy","tag-juan-valdez","tag-lollapalooza","tag-mcdonnell-douglas-md-83","tag-miami-air","tag-netherlands","tag-paint","tag-retro","tag-retro-jet","tag-retrojet","tag-special-colours","tag-sports","tag-star-alliance","tag-united-states","tag-wizard"],"yoast_head":"<!-- This site is optimized with the Yoast SEO plugin v27.5 - https:\/\/yoast.com\/product\/yoast-seo-wordpress\/ -->\n<title>Colour me painted (A-4) - Ram\u00edrez<\/title>\n<meta name=\"description\" content=\"Have you ever seen the special colours that some airlines have? Here&#039;s a part of a great list! (A-4)\" \/>\n<meta name=\"robots\" content=\"index, follow, max-snippet:-1, max-image-preview:large, max-video-preview:-1\" \/>\n<link rel=\"canonical\" href=\"https:\/\/www.alpharamirez.com\/en\/colour-me-painted-a-4\/\" \/>\n<meta property=\"og:locale\" content=\"en_GB\" \/>\n<meta property=\"og:type\" content=\"article\" \/>\n<meta property=\"og:title\" content=\"Colour me painted (A-4) - Ram\u00edrez\" \/>\n<meta property=\"og:description\" content=\"Have you ever seen the special colours that some airlines have? Here&#039;s a part of a great list! (A-4)\" \/>\n<meta property=\"og:url\" content=\"https:\/\/www.alpharamirez.com\/en\/colour-me-painted-a-4\/\" \/>\n<meta property=\"og:site_name\" content=\"Ram\u00edrez\" \/>\n<meta property=\"article:published_time\" content=\"2019-03-08T08:30:17+00:00\" \/>\n<meta property=\"article:modified_time\" content=\"2021-01-21T05:18:02+00:00\" \/>\n<meta property=\"og:image\" content=\"https:\/\/www.alpharamirez.com\/wp-content\/uploads\/2019\/03\/DSC_3845.jpg\" \/>\n\t<meta property=\"og:image:width\" content=\"1200\" \/>\n\t<meta property=\"og:image:height\" content=\"675\" \/>\n\t<meta property=\"og:image:type\" content=\"image\/jpeg\" \/>\n<meta name=\"author\" content=\"Ram\u00edrez\" \/>\n<meta name=\"twitter:card\" content=\"summary_large_image\" \/>\n<meta name=\"twitter:label1\" content=\"Written by\" \/>\n\t<meta name=\"twitter:data1\" content=\"Ram\u00edrez\" \/>\n\t<meta name=\"twitter:label2\" content=\"Estimated reading time\" \/>\n\t<meta name=\"twitter:data2\" content=\"19 minutes\" \/>\n<script type=\"application\/ld+json\" class=\"yoast-schema-graph\">{\"@context\":\"https:\\\/\\\/schema.org\",\"@graph\":[{\"@type\":\"Article\",\"@id\":\"https:\\\/\\\/www.alpharamirez.com\\\/en\\\/colour-me-painted-a-4\\\/#article\",\"isPartOf\":{\"@id\":\"https:\\\/\\\/www.alpharamirez.com\\\/en\\\/colour-me-painted-a-4\\\/\"},\"author\":{\"name\":\"Ram\u00edrez\",\"@id\":\"https:\\\/\\\/www.alpharamirez.com\\\/en\\\/#\\\/schema\\\/person\\\/678baafe47cedaffa05ed5627b54fc41\"},\"headline\":\"Colour me painted (A-4)\",\"datePublished\":\"2019-03-08T08:30:17+00:00\",\"dateModified\":\"2021-01-21T05:18:02+00:00\",\"mainEntityOfPage\":{\"@id\":\"https:\\\/\\\/www.alpharamirez.com\\\/en\\\/colour-me-painted-a-4\\\/\"},\"wordCount\":3844,\"commentCount\":0,\"publisher\":{\"@id\":\"https:\\\/\\\/www.alpharamirez.com\\\/en\\\/#\\\/schema\\\/person\\\/678baafe47cedaffa05ed5627b54fc41\"},\"image\":{\"@id\":\"https:\\\/\\\/www.alpharamirez.com\\\/en\\\/colour-me-painted-a-4\\\/#primaryimage\"},\"thumbnailUrl\":\"https:\\\/\\\/www.alpharamirez.com\\\/wp-content\\\/uploads\\\/2019\\\/03\\\/DSC_3845.jpg\",\"keywords\":[\"Advertising\",\"Airbus A320\",\"Airbus A330-200\",\"Airlines\",\"Airplanes\",\"Anniversary\",\"Arkefly\",\"Armavia\",\"Armenia\",\"Atlantic Airlines\",\"Atlas Air\",\"ATR\",\"ATR 72-600\",\"Austria\",\"Austrian Airlines\",\"Azul\",\"Azul Viagens\",\"Boeing 737-500\",\"Boeing 737-800\",\"Boeing 747-400\",\"Boeing 757-200\",\"Boeing 767-200\",\"Boeing 767-300\",\"Brazil\",\"Brazilian Flag\",\"British Aerospace Avro RJ-85\",\"Caixa\",\"Celebration\",\"Colombia\",\"Colombia es Pasi\u00f3n\",\"CSA Czech Airlines\",\"Embraer 190\",\"Embraer 195\",\"Events\",\"Farnborough 2010\",\"Faroe Islands\",\"Foo Fighters\",\"France\",\"Hybrid\",\"Italy\",\"Juan Valdez\",\"Lollapalooza\",\"McDonnell-Douglas MD-83\",\"Miami Air\",\"Netherlands\",\"Paint\",\"Retro\",\"Retro-jet\",\"Retrojet\",\"Special Colours\",\"Sports\",\"Star Alliance\",\"United States\",\"Wizard\"],\"articleSection\":[\"The more you know\"],\"inLanguage\":\"en-GB\",\"potentialAction\":[{\"@type\":\"CommentAction\",\"name\":\"Comment\",\"target\":[\"https:\\\/\\\/www.alpharamirez.com\\\/en\\\/colour-me-painted-a-4\\\/#respond\"]}]},{\"@type\":\"WebPage\",\"@id\":\"https:\\\/\\\/www.alpharamirez.com\\\/en\\\/colour-me-painted-a-4\\\/\",\"url\":\"https:\\\/\\\/www.alpharamirez.com\\\/en\\\/colour-me-painted-a-4\\\/\",\"name\":\"Colour me painted (A-4) - Ram\u00edrez\",\"isPartOf\":{\"@id\":\"https:\\\/\\\/www.alpharamirez.com\\\/en\\\/#website\"},\"primaryImageOfPage\":{\"@id\":\"https:\\\/\\\/www.alpharamirez.com\\\/en\\\/colour-me-painted-a-4\\\/#primaryimage\"},\"image\":{\"@id\":\"https:\\\/\\\/www.alpharamirez.com\\\/en\\\/colour-me-painted-a-4\\\/#primaryimage\"},\"thumbnailUrl\":\"https:\\\/\\\/www.alpharamirez.com\\\/wp-content\\\/uploads\\\/2019\\\/03\\\/DSC_3845.jpg\",\"datePublished\":\"2019-03-08T08:30:17+00:00\",\"dateModified\":\"2021-01-21T05:18:02+00:00\",\"description\":\"Have you ever seen the special colours that some airlines have? Here's a part of a great list! (A-4)\",\"breadcrumb\":{\"@id\":\"https:\\\/\\\/www.alpharamirez.com\\\/en\\\/colour-me-painted-a-4\\\/#breadcrumb\"},\"inLanguage\":\"en-GB\",\"potentialAction\":[{\"@type\":\"ReadAction\",\"target\":[\"https:\\\/\\\/www.alpharamirez.com\\\/en\\\/colour-me-painted-a-4\\\/\"]}]},{\"@type\":\"ImageObject\",\"inLanguage\":\"en-GB\",\"@id\":\"https:\\\/\\\/www.alpharamirez.com\\\/en\\\/colour-me-painted-a-4\\\/#primaryimage\",\"url\":\"https:\\\/\\\/www.alpharamirez.com\\\/wp-content\\\/uploads\\\/2019\\\/03\\\/DSC_3845.jpg\",\"contentUrl\":\"https:\\\/\\\/www.alpharamirez.com\\\/wp-content\\\/uploads\\\/2019\\\/03\\\/DSC_3845.jpg\",\"width\":1200,\"height\":675,\"caption\":\"Azul Brasil\"},{\"@type\":\"BreadcrumbList\",\"@id\":\"https:\\\/\\\/www.alpharamirez.com\\\/en\\\/colour-me-painted-a-4\\\/#breadcrumb\",\"itemListElement\":[{\"@type\":\"ListItem\",\"position\":1,\"name\":\"Home\",\"item\":\"https:\\\/\\\/www.alpharamirez.com\\\/en\\\/\"},{\"@type\":\"ListItem\",\"position\":2,\"name\":\"Colour me painted (A-4)\"}]},{\"@type\":\"WebSite\",\"@id\":\"https:\\\/\\\/www.alpharamirez.com\\\/en\\\/#website\",\"url\":\"https:\\\/\\\/www.alpharamirez.com\\\/en\\\/\",\"name\":\"Ram\u00edrez\",\"description\":\"\",\"publisher\":{\"@id\":\"https:\\\/\\\/www.alpharamirez.com\\\/en\\\/#\\\/schema\\\/person\\\/678baafe47cedaffa05ed5627b54fc41\"},\"potentialAction\":[{\"@type\":\"SearchAction\",\"target\":{\"@type\":\"EntryPoint\",\"urlTemplate\":\"https:\\\/\\\/www.alpharamirez.com\\\/en\\\/?s={search_term_string}\"},\"query-input\":{\"@type\":\"PropertyValueSpecification\",\"valueRequired\":true,\"valueName\":\"search_term_string\"}}],\"inLanguage\":\"en-GB\"},{\"@type\":[\"Person\",\"Organization\"],\"@id\":\"https:\\\/\\\/www.alpharamirez.com\\\/en\\\/#\\\/schema\\\/person\\\/678baafe47cedaffa05ed5627b54fc41\",\"name\":\"Ram\u00edrez\",\"image\":{\"@type\":\"ImageObject\",\"inLanguage\":\"en-GB\",\"@id\":\"https:\\\/\\\/secure.gravatar.com\\\/avatar\\\/52879b962f1280dad73e95a14595594aab83f010f64576691155b545d961fc23?s=96&d=retro&r=x\",\"url\":\"https:\\\/\\\/secure.gravatar.com\\\/avatar\\\/52879b962f1280dad73e95a14595594aab83f010f64576691155b545d961fc23?s=96&d=retro&r=x\",\"contentUrl\":\"https:\\\/\\\/secure.gravatar.com\\\/avatar\\\/52879b962f1280dad73e95a14595594aab83f010f64576691155b545d961fc23?s=96&d=retro&r=x\",\"caption\":\"Ram\u00edrez\"},\"logo\":{\"@id\":\"https:\\\/\\\/secure.gravatar.com\\\/avatar\\\/52879b962f1280dad73e95a14595594aab83f010f64576691155b545d961fc23?s=96&d=retro&r=x\"}}]}<\/script>\n<!-- \/ Yoast SEO plugin. -->","yoast_head_json":{"title":"Colour me painted (A-4) - Ram\u00edrez","description":"Have you ever seen the special colours that some airlines have? Here's a part of a great list! (A-4)","robots":{"index":"index","follow":"follow","max-snippet":"max-snippet:-1","max-image-preview":"max-image-preview:large","max-video-preview":"max-video-preview:-1"},"canonical":"https:\/\/www.alpharamirez.com\/en\/colour-me-painted-a-4\/","og_locale":"en_GB","og_type":"article","og_title":"Colour me painted (A-4) - Ram\u00edrez","og_description":"Have you ever seen the special colours that some airlines have? Here's a part of a great list! (A-4)","og_url":"https:\/\/www.alpharamirez.com\/en\/colour-me-painted-a-4\/","og_site_name":"Ram\u00edrez","article_published_time":"2019-03-08T08:30:17+00:00","article_modified_time":"2021-01-21T05:18:02+00:00","og_image":[{"width":1200,"height":675,"url":"https:\/\/www.alpharamirez.com\/wp-content\/uploads\/2019\/03\/DSC_3845.jpg","type":"image\/jpeg"}],"author":"Ram\u00edrez","twitter_card":"summary_large_image","twitter_misc":{"Written by":"Ram\u00edrez","Estimated reading time":"19 minutes"},"schema":{"@context":"https:\/\/schema.org","@graph":[{"@type":"Article","@id":"https:\/\/www.alpharamirez.com\/en\/colour-me-painted-a-4\/#article","isPartOf":{"@id":"https:\/\/www.alpharamirez.com\/en\/colour-me-painted-a-4\/"},"author":{"name":"Ram\u00edrez","@id":"https:\/\/www.alpharamirez.com\/en\/#\/schema\/person\/678baafe47cedaffa05ed5627b54fc41"},"headline":"Colour me painted (A-4)","datePublished":"2019-03-08T08:30:17+00:00","dateModified":"2021-01-21T05:18:02+00:00","mainEntityOfPage":{"@id":"https:\/\/www.alpharamirez.com\/en\/colour-me-painted-a-4\/"},"wordCount":3844,"commentCount":0,"publisher":{"@id":"https:\/\/www.alpharamirez.com\/en\/#\/schema\/person\/678baafe47cedaffa05ed5627b54fc41"},"image":{"@id":"https:\/\/www.alpharamirez.com\/en\/colour-me-painted-a-4\/#primaryimage"},"thumbnailUrl":"https:\/\/www.alpharamirez.com\/wp-content\/uploads\/2019\/03\/DSC_3845.jpg","keywords":["Advertising","Airbus A320","Airbus A330-200","Airlines","Airplanes","Anniversary","Arkefly","Armavia","Armenia","Atlantic Airlines","Atlas Air","ATR","ATR 72-600","Austria","Austrian Airlines","Azul","Azul Viagens","Boeing 737-500","Boeing 737-800","Boeing 747-400","Boeing 757-200","Boeing 767-200","Boeing 767-300","Brazil","Brazilian Flag","British Aerospace Avro RJ-85","Caixa","Celebration","Colombia","Colombia es Pasi\u00f3n","CSA Czech Airlines","Embraer 190","Embraer 195","Events","Farnborough 2010","Faroe Islands","Foo Fighters","France","Hybrid","Italy","Juan Valdez","Lollapalooza","McDonnell-Douglas MD-83","Miami Air","Netherlands","Paint","Retro","Retro-jet","Retrojet","Special Colours","Sports","Star Alliance","United States","Wizard"],"articleSection":["The more you know"],"inLanguage":"en-GB","potentialAction":[{"@type":"CommentAction","name":"Comment","target":["https:\/\/www.alpharamirez.com\/en\/colour-me-painted-a-4\/#respond"]}]},{"@type":"WebPage","@id":"https:\/\/www.alpharamirez.com\/en\/colour-me-painted-a-4\/","url":"https:\/\/www.alpharamirez.com\/en\/colour-me-painted-a-4\/","name":"Colour me painted (A-4) - Ram\u00edrez","isPartOf":{"@id":"https:\/\/www.alpharamirez.com\/en\/#website"},"primaryImageOfPage":{"@id":"https:\/\/www.alpharamirez.com\/en\/colour-me-painted-a-4\/#primaryimage"},"image":{"@id":"https:\/\/www.alpharamirez.com\/en\/colour-me-painted-a-4\/#primaryimage"},"thumbnailUrl":"https:\/\/www.alpharamirez.com\/wp-content\/uploads\/2019\/03\/DSC_3845.jpg","datePublished":"2019-03-08T08:30:17+00:00","dateModified":"2021-01-21T05:18:02+00:00","description":"Have you ever seen the special colours that some airlines have? Here's a part of a great list! (A-4)","breadcrumb":{"@id":"https:\/\/www.alpharamirez.com\/en\/colour-me-painted-a-4\/#breadcrumb"},"inLanguage":"en-GB","potentialAction":[{"@type":"ReadAction","target":["https:\/\/www.alpharamirez.com\/en\/colour-me-painted-a-4\/"]}]},{"@type":"ImageObject","inLanguage":"en-GB","@id":"https:\/\/www.alpharamirez.com\/en\/colour-me-painted-a-4\/#primaryimage","url":"https:\/\/www.alpharamirez.com\/wp-content\/uploads\/2019\/03\/DSC_3845.jpg","contentUrl":"https:\/\/www.alpharamirez.com\/wp-content\/uploads\/2019\/03\/DSC_3845.jpg","width":1200,"height":675,"caption":"Azul Brasil"},{"@type":"BreadcrumbList","@id":"https:\/\/www.alpharamirez.com\/en\/colour-me-painted-a-4\/#breadcrumb","itemListElement":[{"@type":"ListItem","position":1,"name":"Home","item":"https:\/\/www.alpharamirez.com\/en\/"},{"@type":"ListItem","position":2,"name":"Colour me painted (A-4)"}]},{"@type":"WebSite","@id":"https:\/\/www.alpharamirez.com\/en\/#website","url":"https:\/\/www.alpharamirez.com\/en\/","name":"Ram\u00edrez","description":"","publisher":{"@id":"https:\/\/www.alpharamirez.com\/en\/#\/schema\/person\/678baafe47cedaffa05ed5627b54fc41"},"potentialAction":[{"@type":"SearchAction","target":{"@type":"EntryPoint","urlTemplate":"https:\/\/www.alpharamirez.com\/en\/?s={search_term_string}"},"query-input":{"@type":"PropertyValueSpecification","valueRequired":true,"valueName":"search_term_string"}}],"inLanguage":"en-GB"},{"@type":["Person","Organization"],"@id":"https:\/\/www.alpharamirez.com\/en\/#\/schema\/person\/678baafe47cedaffa05ed5627b54fc41","name":"Ram\u00edrez","image":{"@type":"ImageObject","inLanguage":"en-GB","@id":"https:\/\/secure.gravatar.com\/avatar\/52879b962f1280dad73e95a14595594aab83f010f64576691155b545d961fc23?s=96&d=retro&r=x","url":"https:\/\/secure.gravatar.com\/avatar\/52879b962f1280dad73e95a14595594aab83f010f64576691155b545d961fc23?s=96&d=retro&r=x","contentUrl":"https:\/\/secure.gravatar.com\/avatar\/52879b962f1280dad73e95a14595594aab83f010f64576691155b545d961fc23?s=96&d=retro&r=x","caption":"Ram\u00edrez"},"logo":{"@id":"https:\/\/secure.gravatar.com\/avatar\/52879b962f1280dad73e95a14595594aab83f010f64576691155b545d961fc23?s=96&d=retro&r=x"}}]}},"views":2489,"jetpack_featured_media_url":"https:\/\/www.alpharamirez.com\/wp-content\/uploads\/2019\/03\/DSC_3845.jpg","jetpack_sharing_enabled":true,"_links":{"self":[{"href":"https:\/\/www.alpharamirez.com\/en\/wp-json\/wp\/v2\/posts\/13271","targetHints":{"allow":["GET"]}}],"collection":[{"href":"https:\/\/www.alpharamirez.com\/en\/wp-json\/wp\/v2\/posts"}],"about":[{"href":"https:\/\/www.alpharamirez.com\/en\/wp-json\/wp\/v2\/types\/post"}],"author":[{"embeddable":true,"href":"https:\/\/www.alpharamirez.com\/en\/wp-json\/wp\/v2\/users\/1"}],"replies":[{"embeddable":true,"href":"https:\/\/www.alpharamirez.com\/en\/wp-json\/wp\/v2\/comments?post=13271"}],"version-history":[{"count":10,"href":"https:\/\/www.alpharamirez.com\/en\/wp-json\/wp\/v2\/posts\/13271\/revisions"}],"predecessor-version":[{"id":18086,"href":"https:\/\/www.alpharamirez.com\/en\/wp-json\/wp\/v2\/posts\/13271\/revisions\/18086"}],"wp:featuredmedia":[{"embeddable":true,"href":"https:\/\/www.alpharamirez.com\/en\/wp-json\/wp\/v2\/media\/13118"}],"wp:attachment":[{"href":"https:\/\/www.alpharamirez.com\/en\/wp-json\/wp\/v2\/media?parent=13271"}],"wp:term":[{"taxonomy":"category","embeddable":true,"href":"https:\/\/www.alpharamirez.com\/en\/wp-json\/wp\/v2\/categories?post=13271"},{"taxonomy":"post_tag","embeddable":true,"href":"https:\/\/www.alpharamirez.com\/en\/wp-json\/wp\/v2\/tags?post=13271"}],"curies":[{"name":"wp","href":"https:\/\/api.w.org\/{rel}","templated":true}]}}